{"id":3918,"date":"2025-06-20T13:55:48","date_gmt":"2025-06-20T12:55:48","guid":{"rendered":"https:\/\/foodforsoul.it\/craft-culture-and-care-the-story-behind-the-release-of-the-pastorale-series-inspired-by-massimo-bottura-to-support-the-mission-of-food-for-soul\/"},"modified":"2025-06-20T14:14:49","modified_gmt":"2025-06-20T13:14:49","slug":"artigianalita-cultura-e-cura-la-storia-della-serie-pastorale-ispirata-da-massimo-bottura-per-sostenere-la-missione-di-food-for-soul","status":"publish","type":"post","link":"https:\/\/foodforsoul.it\/it\/artigianalita-cultura-e-cura-la-storia-della-serie-pastorale-ispirata-da-massimo-bottura-per-sostenere-la-missione-di-food-for-soul\/","title":{"rendered":"Artigianalit\u00e0, cultura e cura: la storia della serie Pastorale, ispirata da Massimo Bottura per sostenere la missione di Food for Soul"},"content":{"rendered":"\n<p class=\"\"><strong><em>Dietro le quinte della collezione in edizione limitata di mezcal realizzata in collaborazione con Santo de Piedra.<\/em><\/strong><\/p>\n\n\n\n<p class=\"\">Nata dall\u2019incontro tra tradizioni, territori e visioni diverse,\u00a0<strong>la serie &#8216;Pastorale&#8217;<\/strong>\u00a0\u00e8 una collezione di mezcal che celebra l\u2019artigianalit\u00e0, la cultura e l\u2019impegno verso la comunit\u00e0.<br><br>Il nome Pastorale \u00e8 un omaggio alla\u00a0<strong>Sesta Sinfonia di Beethoven<\/strong>: un inno alla natura, all\u2019armonia e al rinnovamento. Un riferimento coerente con lo spirito di un progetto che guarda al futuro del fare artigiano con attenzione e consapevolezza.<\/p>\n\n\n\n<p class=\"\">Questa edizione limitata \u00e8 frutto della collaborazione tra\u00a0<strong><a href=\"https:\/\/www.santodepiedra.com\">Santo de Piedra<\/a><\/strong>, atelier di mezcal nel cuore delle montagne di Oaxaca,\u00a0<strong>Food for Soul<\/strong>\u00a0e lo chef\u00a0<strong>Massimo Bottura<\/strong>, che ha portato il suo sguardo creativo e radicale nel processo ancestrale della produzione del mezcal.<br>La sua interpretazione d\u00e0 il via a una serie pi\u00f9 ampia, in cui diversi artisti saranno chiamati a rileggere il mezcal attraverso il proprio linguaggio e la propria sensibilit\u00e0.<br><\/p>\n\n\n\n<div class=\"wp-block-create-block-t99-block-gutenberg-slider\"><div class=\"swiper sliderBlock\" data-slides-number=\"2\" data-slides-spazio=\"10\" data-slides-velocity=\"400\" data-slides-loop=\"false\" data-slides-rewind=\"false\" data-slides-fade=\"false\" data-slides-freccie=\"false\" data-slides-paginazione=\"false\" data-slides-toolbar=\"false\" data-slides-lightbox=\"false\" data-slides-autoplay=\"false\" data-slides-time=\"1000\" data-slides-interaction=\"false\" data-slides-hover=\"false\" data-extra-rules=\"\" data-altezza-uguale=\"false\"><div class=\"swiper-wrapper\">\n<div class=\"wp-block-cover is-light swiper-slide\" style=\"min-height:584px;aspect-ratio:unset;\"><img loading=\"lazy\" decoding=\"async\" width=\"813\" height=\"1024\" class=\"wp-block-cover__image-background wp-image-3899 size-large\" alt=\"\" src=\"https:\/\/foodforsoul.it\/wp-content\/uploads\/2025\/06\/35-1-813x1024.png\" style=\"object-position:65% 86%\" data-object-fit=\"cover\" data-object-position=\"65% 86%\" srcset=\"https:\/\/foodforsoul.it\/wp-content\/uploads\/2025\/06\/35-1-813x1024.png 813w, https:\/\/foodforsoul.it\/wp-content\/uploads\/2025\/06\/35-1-238x300.png 238w, https:\/\/foodforsoul.it\/wp-content\/uploads\/2025\/06\/35-1-768x967.png 768w, https:\/\/foodforsoul.it\/wp-content\/uploads\/2025\/06\/35-1.png 1080w\" sizes=\"auto, (max-width: 813px) 100vw, 813px\" \/><span aria-hidden=\"true\" class=\"wp-block-cover__background has-background-dim-0 has-background-dim\" style=\"background-color:#899192\"><\/span><div class=\"wp-block-cover__inner-container is-layout-flow wp-block-cover-is-layout-flow\">\n<p class=\"has-text-align-center has-large-font-size\"><\/p>\n<\/div><\/div>\n\n\n\n<div class=\"wp-block-cover swiper-slide\" style=\"min-height:584px;aspect-ratio:unset;\"><img loading=\"lazy\" decoding=\"async\" width=\"813\" height=\"1024\" class=\"wp-block-cover__image-background wp-image-3893 size-large\" alt=\"\" src=\"https:\/\/foodforsoul.it\/wp-content\/uploads\/2025\/06\/36-813x1024.png\" style=\"object-position:49% 36%\" data-object-fit=\"cover\" data-object-position=\"49% 36%\" srcset=\"https:\/\/foodforsoul.it\/wp-content\/uploads\/2025\/06\/36-813x1024.png 813w, https:\/\/foodforsoul.it\/wp-content\/uploads\/2025\/06\/36-238x300.png 238w, https:\/\/foodforsoul.it\/wp-content\/uploads\/2025\/06\/36-768x967.png 768w, https:\/\/foodforsoul.it\/wp-content\/uploads\/2025\/06\/36.png 1080w\" sizes=\"auto, (max-width: 813px) 100vw, 813px\" \/><span aria-hidden=\"true\" class=\"wp-block-cover__background has-background-dim-0 has-background-dim\" style=\"background-color:#7d7d7d\"><\/span><div class=\"wp-block-cover__inner-container is-layout-flow wp-block-cover-is-layout-flow\">\n<p class=\"has-text-align-center has-large-font-size\"><\/p>\n<\/div><\/div>\n\n\n\n<div class=\"wp-block-cover swiper-slide\" style=\"min-height:584px;aspect-ratio:unset;\"><img loading=\"lazy\" decoding=\"async\" width=\"813\" height=\"1024\" class=\"wp-block-cover__image-background wp-image-3897 size-large\" alt=\"\" src=\"https:\/\/foodforsoul.it\/wp-content\/uploads\/2025\/06\/37-813x1024.png\" data-object-fit=\"cover\" srcset=\"https:\/\/foodforsoul.it\/wp-content\/uploads\/2025\/06\/37-813x1024.png 813w, https:\/\/foodforsoul.it\/wp-content\/uploads\/2025\/06\/37-238x300.png 238w, https:\/\/foodforsoul.it\/wp-content\/uploads\/2025\/06\/37-768x967.png 768w, https:\/\/foodforsoul.it\/wp-content\/uploads\/2025\/06\/37.png 1080w\" sizes=\"auto, (max-width: 813px) 100vw, 813px\" \/><span aria-hidden=\"true\" class=\"wp-block-cover__background has-background-dim-0 has-background-dim\" style=\"background-color:#736561\"><\/span><div class=\"wp-block-cover__inner-container is-layout-flow wp-block-cover-is-layout-flow\">\n<p class=\"has-text-align-center has-large-font-size\"><\/p>\n<\/div><\/div>\n\n\n\n<div class=\"wp-block-cover is-light swiper-slide\" style=\"min-height:585px;aspect-ratio:unset;\"><img loading=\"lazy\" decoding=\"async\" width=\"813\" height=\"1024\" class=\"wp-block-cover__image-background wp-image-3891 size-large\" alt=\"\" src=\"https:\/\/foodforsoul.it\/wp-content\/uploads\/2025\/06\/38-813x1024.png\" data-object-fit=\"cover\" srcset=\"https:\/\/foodforsoul.it\/wp-content\/uploads\/2025\/06\/38-813x1024.png 813w, https:\/\/foodforsoul.it\/wp-content\/uploads\/2025\/06\/38-238x300.png 238w, https:\/\/foodforsoul.it\/wp-content\/uploads\/2025\/06\/38-768x967.png 768w, https:\/\/foodforsoul.it\/wp-content\/uploads\/2025\/06\/38.png 1080w\" sizes=\"auto, (max-width: 813px) 100vw, 813px\" \/><span aria-hidden=\"true\" class=\"wp-block-cover__background has-background-dim-0 has-background-dim\" style=\"background-color:#9c9c9c\"><\/span><div class=\"wp-block-cover__inner-container is-layout-flow wp-block-cover-is-layout-flow\">\n<p class=\"has-text-align-center has-large-font-size\"><\/p>\n<\/div><\/div>\n<\/div><\/div><\/div>\n\n\n\n<div style=\"height:47px\" aria-hidden=\"true\" class=\"wp-block-spacer\"><\/div>\n\n\n\n<p class=\"\">Dalla terra alla bottiglia, ogni dettaglio di questa collezione \u00e8 stato pensato con cura. Due agavi rari, cresciuti lentamente in altitudine per quasi 15 anni, donano al distillato una complessit\u00e0 profonda. In fase di lavorazione artigianale \u00e8 stato utilizzato anche un piccolo quantitativo di legno di ginepro \u2014 un richiamo sottile alla tradizione dell\u2019aceto balsamico di Modena, che crea un ponte simbolico tra luoghi e storie diverse.<\/p>\n\n\n\n<p class=\"\">Tutto, dalla scelta degli ingredienti al design della bottiglia, riflette un rispetto autentico per l\u2019origine, la sostenibilit\u00e0 e l\u2019innovazione. Il luogo di produzione si trova in una zona unica, dove una volta l\u2019anno si incontrano i venti dell\u2019oceano Pacifico e Atlantico: un fenomeno raro che contribuisce a definire il carattere del prodotto, fortemente legato al suo ambiente.<\/p>\n\n\n\n<p class=\"\">Sono state realizzate solo&nbsp;<strong>2.506 bottiglie numerate<\/strong>, tra cui sei pezzi unici in vetro di Murano soffiato a mano. La collezione verr\u00e0 presentata attraverso una serie di eventi privati su invito in diverse citt\u00e0 del mondo, ed \u00e8 disponibile in pre-order esclusivamente tramite Santo de Piedra. Ogni bottiglia \u00e8 realizzata in vetro riciclato, sigillata con cera d\u2019api naturale e confezionata con materiali tracciabili e responsabili, spedita via mare per ridurre l\u2019impatto ambientale.<\/p>\n\n\n\n<p class=\"\">Ma oltre al prodotto, questo progetto sostiene anche due iniziative concrete: il&nbsp;<strong>programma di coltivazione sostenibile dell\u2019agave<\/strong>, sviluppato da Santo de Piedra seguendo il metodo ancestrale del&nbsp;<em>milpa<\/em>, e l\u2019attivit\u00e0 sociale di&nbsp;<strong>Food for Soul<\/strong>.<br>Una parte dei proventi della vendita della collezione sar\u00e0 infatti destinata a sostenere la missione dell\u2019organizzazione, impegnata nella&nbsp;<strong>lotta allo spreco alimentare e all\u2019isolamento sociale<\/strong>&nbsp;attraverso l\u2019educazione, l\u2019advocacy e i pasti condivisi attorno a una tavola.<\/p>\n\n\n\n<div class=\"wp-block-group is-style-gruppo-max-width pattern-col-img-txt pattern-citazione citazione-articolo is-layout-flow wp-block-group-is-layout-flow\" style=\"padding-top:0;padding-right:0;padding-bottom:0;padding-left:0\">\n<div class=\"wp-block-cover is-light is-style-default\" style=\"padding-top:var(--wp--preset--spacing--20);padding-bottom:var(--wp--preset--spacing--20);min-height:100%;aspect-ratio:unset;\"><span aria-hidden=\"true\" class=\"wp-block-cover__background has-custom-bianco-background-color has-background-dim-0 has-background-dim\"><\/span><div class=\"wp-block-cover__inner-container is-layout-flow wp-block-cover-is-layout-flow\">\n<div class=\"wp-block-group gruppo-citazione has-global-padding is-layout-constrained wp-container-core-group-is-layout-d8df6a49 wp-block-group-is-layout-constrained\" style=\"padding-right:var(--wp--preset--spacing--10);padding-left:var(--wp--preset--spacing--10)\">\n<div class=\"wp-block-columns is-layout-flex wp-container-core-columns-is-layout-28232c24 wp-block-columns-is-layout-flex\">\n<div class=\"wp-block-column is-layout-flow wp-block-column-is-layout-flow\" style=\"flex-basis:90px\">\n<p class=\"apici-citazione has-custom-uno-color has-text-color has-link-color has-sole-serif-text-font-family wp-elements-bcbbce5322a601fe70ef4d24e3b03b07\" style=\"font-size:clamp(85.342px, 5.334rem + ((1vw - 3.2px) * 5.119), 200px);line-height:1\"><em>\u201c<\/em><\/p>\n<\/div>\n\n\n\n<div class=\"wp-block-column is-layout-flow wp-block-column-is-layout-flow\">\n<div class=\"wp-block-group has-global-padding is-content-justification-left is-layout-constrained wp-container-core-group-is-layout-c4d06299 wp-block-group-is-layout-constrained\">\n<div style=\"height:40px\" aria-hidden=\"true\" class=\"wp-block-spacer nascosto-mobile\"><\/div>\n\n\n\n<p class=\"has-custom-uno-color has-text-color has-link-color has-sole-serif-text-font-family wp-elements-d6551155a9a177596467a8ee87ab56af\" style=\"font-size:clamp(28.836px, 1.802rem + ((1vw - 3.2px) * 0.945), 50px);font-style:normal;font-weight:200;line-height:1.2\"><em><em>Abbiamo scelto di sostenere Food for Soul perch\u00e9 il suo lavoro va oltre il nutrimento: restituisce dignit\u00e0, crea comunit\u00e0 e porta bellezza dove spesso non c\u2019\u00e8. Valori che, per noi, possono davvero manifestarsi solo a tavola, quando il cibo diventa occasione di incontro autentico.<\/em><\/em><\/p>\n\n\n\n<p class=\"\">David S. Giles &#8211; Founding Partner &amp; Managing Director di Santo de Piedra<\/p>\n<\/div>\n<\/div>\n<\/div>\n<\/div>\n<\/div><\/div>\n<\/div>\n\n\n\n<p class=\"\"><strong>La serie &#8216;Pastorale&#8217;<\/strong>\u00a0\u00e8 una collaborazione che nasce da un modo comune di lavorare: con cura, rispetto e visione.<br>Scopri di pi\u00f9 su <a href=\"https:\/\/www.santodepiedra.com\">www.santodepiedra.com<\/a><\/p>\n\n\n\n<div class=\"wp-block-create-block-t99-block-gutenberg-slider\"><div class=\"swiper sliderBlock\" data-slides-number=\"2\" data-slides-spazio=\"10\" data-slides-velocity=\"400\" data-slides-loop=\"false\" data-slides-rewind=\"false\" data-slides-fade=\"false\" data-slides-freccie=\"false\" data-slides-paginazione=\"false\" data-slides-toolbar=\"false\" data-slides-lightbox=\"false\" data-slides-autoplay=\"false\" data-slides-time=\"1000\" data-slides-interaction=\"false\" data-slides-hover=\"false\" data-extra-rules=\"\" data-altezza-uguale=\"false\"><div class=\"swiper-wrapper\">\n<div class=\"wp-block-cover is-light swiper-slide\" style=\"min-height:514px;aspect-ratio:unset;\"><img loading=\"lazy\" decoding=\"async\" width=\"706\" height=\"1024\" class=\"wp-block-cover__image-background wp-image-3901 size-large\" alt=\"\" src=\"https:\/\/foodforsoul.it\/wp-content\/uploads\/2025\/06\/IMG_9946-706x1024.jpeg\" data-object-fit=\"cover\" srcset=\"https:\/\/foodforsoul.it\/wp-content\/uploads\/2025\/06\/IMG_9946-706x1024.jpeg 706w, https:\/\/foodforsoul.it\/wp-content\/uploads\/2025\/06\/IMG_9946-207x300.jpeg 207w, https:\/\/foodforsoul.it\/wp-content\/uploads\/2025\/06\/IMG_9946-768x1114.jpeg 768w, https:\/\/foodforsoul.it\/wp-content\/uploads\/2025\/06\/IMG_9946-1059x1536.jpeg 1059w, https:\/\/foodforsoul.it\/wp-content\/uploads\/2025\/06\/IMG_9946.jpeg 1351w\" sizes=\"auto, (max-width: 706px) 100vw, 706px\" \/><span aria-hidden=\"true\" class=\"wp-block-cover__background has-background-dim-0 has-background-dim\" style=\"background-color:#b9aaa1\"><\/span><div class=\"wp-block-cover__inner-container is-layout-flow wp-block-cover-is-layout-flow\">\n<p class=\"has-text-align-center has-large-font-size\"><\/p>\n<\/div><\/div>\n\n\n\n<div class=\"wp-block-cover is-light swiper-slide\" style=\"min-height:513px;aspect-ratio:unset;\"><img loading=\"lazy\" decoding=\"async\" width=\"705\" height=\"1024\" class=\"wp-block-cover__image-background wp-image-3903 size-large\" alt=\"\" src=\"https:\/\/foodforsoul.it\/wp-content\/uploads\/2025\/06\/IMG_9954-705x1024.jpeg\" data-object-fit=\"cover\" srcset=\"https:\/\/foodforsoul.it\/wp-content\/uploads\/2025\/06\/IMG_9954-705x1024.jpeg 705w, https:\/\/foodforsoul.it\/wp-content\/uploads\/2025\/06\/IMG_9954-207x300.jpeg 207w, https:\/\/foodforsoul.it\/wp-content\/uploads\/2025\/06\/IMG_9954-768x1115.jpeg 768w, https:\/\/foodforsoul.it\/wp-content\/uploads\/2025\/06\/IMG_9954-1058x1536.jpeg 1058w, https:\/\/foodforsoul.it\/wp-content\/uploads\/2025\/06\/IMG_9954.jpeg 1339w\" sizes=\"auto, (max-width: 705px) 100vw, 705px\" \/><span aria-hidden=\"true\" class=\"wp-block-cover__background has-background-dim-0 has-background-dim\" style=\"background-color:#b3afab\"><\/span><div class=\"wp-block-cover__inner-container is-layout-flow wp-block-cover-is-layout-flow\">\n<p class=\"has-text-align-center has-large-font-size\"><\/p>\n<\/div><\/div>\n\n\n\n<div class=\"wp-block-cover is-light swiper-slide\" style=\"min-height:513px;aspect-ratio:unset;\"><img loading=\"lazy\" decoding=\"async\" width=\"683\" height=\"1024\" class=\"wp-block-cover__image-background wp-image-3905 size-large\" alt=\"\" src=\"https:\/\/foodforsoul.it\/wp-content\/uploads\/2025\/06\/FT1A8319-683x1024.jpeg\" data-object-fit=\"cover\" srcset=\"https:\/\/foodforsoul.it\/wp-content\/uploads\/2025\/06\/FT1A8319-683x1024.jpeg 683w, https:\/\/foodforsoul.it\/wp-content\/uploads\/2025\/06\/FT1A8319-200x300.jpeg 200w, https:\/\/foodforsoul.it\/wp-content\/uploads\/2025\/06\/FT1A8319-768x1152.jpeg 768w, https:\/\/foodforsoul.it\/wp-content\/uploads\/2025\/06\/FT1A8319-1024x1536.jpeg 1024w, https:\/\/foodforsoul.it\/wp-content\/uploads\/2025\/06\/FT1A8319-1365x2048.jpeg 1365w, https:\/\/foodforsoul.it\/wp-content\/uploads\/2025\/06\/FT1A8319-scaled.jpeg 1707w\" sizes=\"auto, (max-width: 683px) 100vw, 683px\" \/><span aria-hidden=\"true\" class=\"wp-block-cover__background has-background-dim-0 has-background-dim\" style=\"background-color:#cac3be\"><\/span><div class=\"wp-block-cover__inner-container is-layout-flow wp-block-cover-is-layout-flow\">\n<p class=\"has-text-align-center has-large-font-size\"><\/p>\n<\/div><\/div>\n\n\n\n<div class=\"wp-block-cover is-light swiper-slide\" style=\"min-height:513px;aspect-ratio:unset;\"><img loading=\"lazy\" decoding=\"async\" width=\"683\" height=\"1024\" class=\"wp-block-cover__image-background wp-image-3907 size-large\" alt=\"\" src=\"https:\/\/foodforsoul.it\/wp-content\/uploads\/2025\/06\/FT1A8369-683x1024.jpeg\" data-object-fit=\"cover\" srcset=\"https:\/\/foodforsoul.it\/wp-content\/uploads\/2025\/06\/FT1A8369-683x1024.jpeg 683w, https:\/\/foodforsoul.it\/wp-content\/uploads\/2025\/06\/FT1A8369-200x300.jpeg 200w, https:\/\/foodforsoul.it\/wp-content\/uploads\/2025\/06\/FT1A8369-768x1152.jpeg 768w, https:\/\/foodforsoul.it\/wp-content\/uploads\/2025\/06\/FT1A8369-1024x1536.jpeg 1024w, https:\/\/foodforsoul.it\/wp-content\/uploads\/2025\/06\/FT1A8369-1365x2048.jpeg 1365w, https:\/\/foodforsoul.it\/wp-content\/uploads\/2025\/06\/FT1A8369-scaled.jpeg 1707w\" sizes=\"auto, (max-width: 683px) 100vw, 683px\" \/><span aria-hidden=\"true\" class=\"wp-block-cover__background has-background-dim-0 has-background-dim\" style=\"background-color:#b6a492\"><\/span><div class=\"wp-block-cover__inner-container is-layout-flow wp-block-cover-is-layout-flow\">\n<p class=\"has-text-align-center has-large-font-size\"><\/p>\n<\/div><\/div>\n<\/div><\/div><\/div>\n\n\n\n<div style=\"height:47px\" aria-hidden=\"true\" class=\"wp-block-spacer\"><\/div>\n\n\n\n<div class=\"wp-block-group pattern-pulsante has-global-padding is-layout-constrained wp-block-group-is-layout-constrained\" style=\"border-top-color:var(--wp--preset--color--custom-uno);border-top-width:1px;border-bottom-color:var(--wp--preset--color--custom-uno);border-bottom-width:1px;padding-top:var(--wp--preset--spacing--10);padding-bottom:var(--wp--preset--spacing--10)\">\n<div class=\"wp-block-group has-global-padding is-layout-constrained wp-container-core-group-is-layout-bea02a06 wp-block-group-is-layout-constrained\">\n<div class=\"wp-block-buttons is-content-justification-center is-layout-flex wp-container-core-buttons-is-layout-a89b3969 wp-block-buttons-is-layout-flex\">\n<div class=\"wp-block-button is-style-outline is-style-outline--1\"><a class=\"wp-block-button__link wp-element-button\" href=\"https:\/\/www.santodepiedra.com\/massimo-bottura\" target=\"_blank\" rel=\"noreferrer noopener\">SCOPRI DI PI\u00da<div class=\"btn-svg-wrap\"><svg xmlns=\"http:\/\/www.w3.org\/2000\/svg\" width=\"45.195\" height=\"20.697\" viewBox=\"0 0 45.195 20.697\">\n        <path id=\"Unione_1\" data-name=\"Unione 1\" d=\"M34.139,19.99l9.137-9.137H0v-1H43.285L34.139.706,34.846,0,45.2,10.348,34.846,20.7Z\" fill=\"#e65809\"\/>\n      <\/svg><\/div><\/a><\/div>\n<\/div>\n<\/div>\n<\/div>\n\n\n\n<p class=\"\"><\/p>\n","protected":false},"excerpt":{"rendered":"<p>Dietro le quinte della collezione in edizione limitata di mezcal realizzata in collaborazione con Santo de Piedra. Nata dall\u2019incontro tra tradizioni, territori e visioni diverse,\u00a0la serie &#8216;Pastorale&#8217;\u00a0\u00e8 una collezione di mezcal che celebra l\u2019artigianalit\u00e0, la cultura e l\u2019impegno verso la comunit\u00e0. Il nome Pastorale \u00e8 un omaggio alla\u00a0Sesta Sinfonia di Beethoven: un inno alla natura, [&hellip;]<\/p>\n","protected":false},"author":4,"featured_media":3916,"comment_status":"closed","ping_status":"closed","sticky":false,"template":"","format":"standard","meta":{"_acf_changed":false,"footnotes":""},"categories":[45],"tags":[],"class_list":["post-3918","post","type-post","status-publish","format-standard","has-post-thumbnail","hentry","category-partners"],"yoast_head":"<!-- This site is optimized with the Yoast SEO plugin v24.9 - https:\/\/yoast.com\/wordpress\/plugins\/seo\/ -->\n<title>Artigianalit\u00e0, cultura e cura: la storia della serie Pastorale, ispirata da Massimo Bottura per sostenere la missione di Food for Soul - Food for Soul<\/title>\n<meta name=\"robots\" content=\"index, follow, max-snippet:-1, max-image-preview:large, max-video-preview:-1\" \/>\n<link rel=\"canonical\" href=\"https:\/\/foodforsoul.it\/it\/artigianalita-cultura-e-cura-la-storia-della-serie-pastorale-ispirata-da-massimo-bottura-per-sostenere-la-missione-di-food-for-soul\/\" \/>\n<meta property=\"og:locale\" content=\"it_IT\" \/>\n<meta property=\"og:type\" content=\"article\" \/>\n<meta property=\"og:title\" content=\"Artigianalit\u00e0, cultura e cura: la storia della serie Pastorale, ispirata da Massimo Bottura per sostenere la missione di Food for Soul - Food for Soul\" \/>\n<meta property=\"og:description\" content=\"Dietro le quinte della collezione in edizione limitata di mezcal realizzata in collaborazione con Santo de Piedra. Nata dall\u2019incontro tra tradizioni, territori e visioni diverse,\u00a0la serie &#8216;Pastorale&#8217;\u00a0\u00e8 una collezione di mezcal che celebra l\u2019artigianalit\u00e0, la cultura e l\u2019impegno verso la comunit\u00e0. Il nome Pastorale \u00e8 un omaggio alla\u00a0Sesta Sinfonia di Beethoven: un inno alla natura, [&hellip;]\" \/>\n<meta property=\"og:url\" content=\"https:\/\/foodforsoul.it\/it\/artigianalita-cultura-e-cura-la-storia-della-serie-pastorale-ispirata-da-massimo-bottura-per-sostenere-la-missione-di-food-for-soul\/\" \/>\n<meta property=\"og:site_name\" content=\"Food for Soul\" \/>\n<meta property=\"article:publisher\" content=\"https:\/\/www.facebook.com\/foodforsoul.it\/\" \/>\n<meta property=\"article:published_time\" content=\"2025-06-20T12:55:48+00:00\" \/>\n<meta property=\"article:modified_time\" content=\"2025-06-20T13:14:49+00:00\" \/>\n<meta property=\"og:image\" content=\"https:\/\/foodforsoul.it\/wp-content\/uploads\/2025\/06\/FT1A8209-copia-scaled.jpeg\" \/>\n\t<meta property=\"og:image:width\" content=\"1707\" \/>\n\t<meta property=\"og:image:height\" content=\"2560\" \/>\n\t<meta property=\"og:image:type\" content=\"image\/jpeg\" \/>\n<meta name=\"author\" content=\"Food for Soul\" \/>\n<meta name=\"twitter:card\" content=\"summary_large_image\" \/>\n<meta name=\"twitter:creator\" content=\"@FoodforSoul_it\" \/>\n<meta name=\"twitter:site\" content=\"@FoodforSoul_it\" \/>\n<meta name=\"twitter:label1\" content=\"Scritto da\" \/>\n\t<meta name=\"twitter:data1\" content=\"Food for Soul\" \/>\n\t<meta name=\"twitter:label2\" content=\"Tempo di lettura stimato\" \/>\n\t<meta name=\"twitter:data2\" content=\"5 minuti\" \/>\n<script type=\"application\/ld+json\" class=\"yoast-schema-graph\">{\"@context\":\"https:\/\/schema.org\",\"@graph\":[{\"@type\":\"Article\",\"@id\":\"https:\/\/foodforsoul.it\/it\/artigianalita-cultura-e-cura-la-storia-della-serie-pastorale-ispirata-da-massimo-bottura-per-sostenere-la-missione-di-food-for-soul\/#article\",\"isPartOf\":{\"@id\":\"https:\/\/foodforsoul.it\/it\/artigianalita-cultura-e-cura-la-storia-della-serie-pastorale-ispirata-da-massimo-bottura-per-sostenere-la-missione-di-food-for-soul\/\"},\"author\":{\"name\":\"Food for Soul\",\"@id\":\"https:\/\/foodforsoul.it\/#\/schema\/person\/9ac064857a178ad645e823262b1946c9\"},\"headline\":\"Artigianalit\u00e0, cultura e cura: la storia della serie Pastorale, ispirata da Massimo Bottura per sostenere la missione di Food for Soul\",\"datePublished\":\"2025-06-20T12:55:48+00:00\",\"dateModified\":\"2025-06-20T13:14:49+00:00\",\"mainEntityOfPage\":{\"@id\":\"https:\/\/foodforsoul.it\/it\/artigianalita-cultura-e-cura-la-storia-della-serie-pastorale-ispirata-da-massimo-bottura-per-sostenere-la-missione-di-food-for-soul\/\"},\"wordCount\":541,\"publisher\":{\"@id\":\"https:\/\/foodforsoul.it\/#organization\"},\"image\":{\"@id\":\"https:\/\/foodforsoul.it\/it\/artigianalita-cultura-e-cura-la-storia-della-serie-pastorale-ispirata-da-massimo-bottura-per-sostenere-la-missione-di-food-for-soul\/#primaryimage\"},\"thumbnailUrl\":\"https:\/\/foodforsoul.it\/wp-content\/uploads\/2025\/06\/FT1A8209-copia-scaled.jpeg\",\"articleSection\":[\"Partners\"],\"inLanguage\":\"it-IT\"},{\"@type\":\"WebPage\",\"@id\":\"https:\/\/foodforsoul.it\/it\/artigianalita-cultura-e-cura-la-storia-della-serie-pastorale-ispirata-da-massimo-bottura-per-sostenere-la-missione-di-food-for-soul\/\",\"url\":\"https:\/\/foodforsoul.it\/it\/artigianalita-cultura-e-cura-la-storia-della-serie-pastorale-ispirata-da-massimo-bottura-per-sostenere-la-missione-di-food-for-soul\/\",\"name\":\"Artigianalit\u00e0, cultura e cura: la storia della serie Pastorale, ispirata da Massimo Bottura per sostenere la missione di Food for Soul - Food for Soul\",\"isPartOf\":{\"@id\":\"https:\/\/foodforsoul.it\/#website\"},\"primaryImageOfPage\":{\"@id\":\"https:\/\/foodforsoul.it\/it\/artigianalita-cultura-e-cura-la-storia-della-serie-pastorale-ispirata-da-massimo-bottura-per-sostenere-la-missione-di-food-for-soul\/#primaryimage\"},\"image\":{\"@id\":\"https:\/\/foodforsoul.it\/it\/artigianalita-cultura-e-cura-la-storia-della-serie-pastorale-ispirata-da-massimo-bottura-per-sostenere-la-missione-di-food-for-soul\/#primaryimage\"},\"thumbnailUrl\":\"https:\/\/foodforsoul.it\/wp-content\/uploads\/2025\/06\/FT1A8209-copia-scaled.jpeg\",\"datePublished\":\"2025-06-20T12:55:48+00:00\",\"dateModified\":\"2025-06-20T13:14:49+00:00\",\"breadcrumb\":{\"@id\":\"https:\/\/foodforsoul.it\/it\/artigianalita-cultura-e-cura-la-storia-della-serie-pastorale-ispirata-da-massimo-bottura-per-sostenere-la-missione-di-food-for-soul\/#breadcrumb\"},\"inLanguage\":\"it-IT\",\"potentialAction\":[{\"@type\":\"ReadAction\",\"target\":[\"https:\/\/foodforsoul.it\/it\/artigianalita-cultura-e-cura-la-storia-della-serie-pastorale-ispirata-da-massimo-bottura-per-sostenere-la-missione-di-food-for-soul\/\"]}]},{\"@type\":\"ImageObject\",\"inLanguage\":\"it-IT\",\"@id\":\"https:\/\/foodforsoul.it\/it\/artigianalita-cultura-e-cura-la-storia-della-serie-pastorale-ispirata-da-massimo-bottura-per-sostenere-la-missione-di-food-for-soul\/#primaryimage\",\"url\":\"https:\/\/foodforsoul.it\/wp-content\/uploads\/2025\/06\/FT1A8209-copia-scaled.jpeg\",\"contentUrl\":\"https:\/\/foodforsoul.it\/wp-content\/uploads\/2025\/06\/FT1A8209-copia-scaled.jpeg\",\"width\":1707,\"height\":2560},{\"@type\":\"BreadcrumbList\",\"@id\":\"https:\/\/foodforsoul.it\/it\/artigianalita-cultura-e-cura-la-storia-della-serie-pastorale-ispirata-da-massimo-bottura-per-sostenere-la-missione-di-food-for-soul\/#breadcrumb\",\"itemListElement\":[{\"@type\":\"ListItem\",\"position\":1,\"name\":\"Home\",\"item\":\"https:\/\/foodforsoul.it\/it\/\"},{\"@type\":\"ListItem\",\"position\":2,\"name\":\"Artigianalit\u00e0, cultura e cura: la storia della serie Pastorale, ispirata da Massimo Bottura per sostenere la missione di Food for Soul\"}]},{\"@type\":\"WebSite\",\"@id\":\"https:\/\/foodforsoul.it\/#website\",\"url\":\"https:\/\/foodforsoul.it\/\",\"name\":\"Food for Soul\",\"description\":\"Rescuing Food, Restoring People, Rethinking Hospitality\",\"publisher\":{\"@id\":\"https:\/\/foodforsoul.it\/#organization\"},\"potentialAction\":[{\"@type\":\"SearchAction\",\"target\":{\"@type\":\"EntryPoint\",\"urlTemplate\":\"https:\/\/foodforsoul.it\/?s={search_term_string}\"},\"query-input\":{\"@type\":\"PropertyValueSpecification\",\"valueRequired\":true,\"valueName\":\"search_term_string\"}}],\"inLanguage\":\"it-IT\"},{\"@type\":\"Organization\",\"@id\":\"https:\/\/foodforsoul.it\/#organization\",\"name\":\"Food for Soul\",\"url\":\"https:\/\/foodforsoul.it\/\",\"logo\":{\"@type\":\"ImageObject\",\"inLanguage\":\"it-IT\",\"@id\":\"https:\/\/foodforsoul.it\/#\/schema\/logo\/image\/\",\"url\":\"https:\/\/foodforsoul.it\/wp-content\/uploads\/2025\/04\/Group-141.png\",\"contentUrl\":\"https:\/\/foodforsoul.it\/wp-content\/uploads\/2025\/04\/Group-141.png\",\"width\":512,\"height\":512,\"caption\":\"Food for Soul\"},\"image\":{\"@id\":\"https:\/\/foodforsoul.it\/#\/schema\/logo\/image\/\"},\"sameAs\":[\"https:\/\/www.facebook.com\/foodforsoul.it\/\",\"https:\/\/x.com\/FoodforSoul_it\",\"https:\/\/www.instagram.com\/foodforsoul_it\/\",\"https:\/\/www.youtube.com\/channel\/UC9aHxUfKk3KkUl-8dFZqLxw\",\"https:\/\/www.linkedin.com\/company\/foodforsoul\/\"]},{\"@type\":\"Person\",\"@id\":\"https:\/\/foodforsoul.it\/#\/schema\/person\/9ac064857a178ad645e823262b1946c9\",\"name\":\"Food for Soul\",\"image\":{\"@type\":\"ImageObject\",\"inLanguage\":\"it-IT\",\"@id\":\"https:\/\/foodforsoul.it\/#\/schema\/person\/image\/\",\"url\":\"https:\/\/secure.gravatar.com\/avatar\/f75e5f43ddecb575135fecb4ff57b3dc769b08ec13b7db76e25aed0c658544be?s=96&d=mm&r=g\",\"contentUrl\":\"https:\/\/secure.gravatar.com\/avatar\/f75e5f43ddecb575135fecb4ff57b3dc769b08ec13b7db76e25aed0c658544be?s=96&d=mm&r=g\",\"caption\":\"Food for Soul\"}}]}<\/script>\n<!-- \/ Yoast SEO plugin. -->","yoast_head_json":{"title":"Artigianalit\u00e0, cultura e cura: la storia della serie Pastorale, ispirata da Massimo Bottura per sostenere la missione di Food for Soul - Food for Soul","robots":{"index":"index","follow":"follow","max-snippet":"max-snippet:-1","max-image-preview":"max-image-preview:large","max-video-preview":"max-video-preview:-1"},"canonical":"https:\/\/foodforsoul.it\/it\/artigianalita-cultura-e-cura-la-storia-della-serie-pastorale-ispirata-da-massimo-bottura-per-sostenere-la-missione-di-food-for-soul\/","og_locale":"it_IT","og_type":"article","og_title":"Artigianalit\u00e0, cultura e cura: la storia della serie Pastorale, ispirata da Massimo Bottura per sostenere la missione di Food for Soul - Food for Soul","og_description":"Dietro le quinte della collezione in edizione limitata di mezcal realizzata in collaborazione con Santo de Piedra. Nata dall\u2019incontro tra tradizioni, territori e visioni diverse,\u00a0la serie &#8216;Pastorale&#8217;\u00a0\u00e8 una collezione di mezcal che celebra l\u2019artigianalit\u00e0, la cultura e l\u2019impegno verso la comunit\u00e0. Il nome Pastorale \u00e8 un omaggio alla\u00a0Sesta Sinfonia di Beethoven: un inno alla natura, [&hellip;]","og_url":"https:\/\/foodforsoul.it\/it\/artigianalita-cultura-e-cura-la-storia-della-serie-pastorale-ispirata-da-massimo-bottura-per-sostenere-la-missione-di-food-for-soul\/","og_site_name":"Food for Soul","article_publisher":"https:\/\/www.facebook.com\/foodforsoul.it\/","article_published_time":"2025-06-20T12:55:48+00:00","article_modified_time":"2025-06-20T13:14:49+00:00","og_image":[{"width":1707,"height":2560,"url":"https:\/\/foodforsoul.it\/wp-content\/uploads\/2025\/06\/FT1A8209-copia-scaled.jpeg","type":"image\/jpeg"}],"author":"Food for Soul","twitter_card":"summary_large_image","twitter_creator":"@FoodforSoul_it","twitter_site":"@FoodforSoul_it","twitter_misc":{"Scritto da":"Food for Soul","Tempo di lettura stimato":"5 minuti"},"schema":{"@context":"https:\/\/schema.org","@graph":[{"@type":"Article","@id":"https:\/\/foodforsoul.it\/it\/artigianalita-cultura-e-cura-la-storia-della-serie-pastorale-ispirata-da-massimo-bottura-per-sostenere-la-missione-di-food-for-soul\/#article","isPartOf":{"@id":"https:\/\/foodforsoul.it\/it\/artigianalita-cultura-e-cura-la-storia-della-serie-pastorale-ispirata-da-massimo-bottura-per-sostenere-la-missione-di-food-for-soul\/"},"author":{"name":"Food for Soul","@id":"https:\/\/foodforsoul.it\/#\/schema\/person\/9ac064857a178ad645e823262b1946c9"},"headline":"Artigianalit\u00e0, cultura e cura: la storia della serie Pastorale, ispirata da Massimo Bottura per sostenere la missione di Food for Soul","datePublished":"2025-06-20T12:55:48+00:00","dateModified":"2025-06-20T13:14:49+00:00","mainEntityOfPage":{"@id":"https:\/\/foodforsoul.it\/it\/artigianalita-cultura-e-cura-la-storia-della-serie-pastorale-ispirata-da-massimo-bottura-per-sostenere-la-missione-di-food-for-soul\/"},"wordCount":541,"publisher":{"@id":"https:\/\/foodforsoul.it\/#organization"},"image":{"@id":"https:\/\/foodforsoul.it\/it\/artigianalita-cultura-e-cura-la-storia-della-serie-pastorale-ispirata-da-massimo-bottura-per-sostenere-la-missione-di-food-for-soul\/#primaryimage"},"thumbnailUrl":"https:\/\/foodforsoul.it\/wp-content\/uploads\/2025\/06\/FT1A8209-copia-scaled.jpeg","articleSection":["Partners"],"inLanguage":"it-IT"},{"@type":"WebPage","@id":"https:\/\/foodforsoul.it\/it\/artigianalita-cultura-e-cura-la-storia-della-serie-pastorale-ispirata-da-massimo-bottura-per-sostenere-la-missione-di-food-for-soul\/","url":"https:\/\/foodforsoul.it\/it\/artigianalita-cultura-e-cura-la-storia-della-serie-pastorale-ispirata-da-massimo-bottura-per-sostenere-la-missione-di-food-for-soul\/","name":"Artigianalit\u00e0, cultura e cura: la storia della serie Pastorale, ispirata da Massimo Bottura per sostenere la missione di Food for Soul - Food for Soul","isPartOf":{"@id":"https:\/\/foodforsoul.it\/#website"},"primaryImageOfPage":{"@id":"https:\/\/foodforsoul.it\/it\/artigianalita-cultura-e-cura-la-storia-della-serie-pastorale-ispirata-da-massimo-bottura-per-sostenere-la-missione-di-food-for-soul\/#primaryimage"},"image":{"@id":"https:\/\/foodforsoul.it\/it\/artigianalita-cultura-e-cura-la-storia-della-serie-pastorale-ispirata-da-massimo-bottura-per-sostenere-la-missione-di-food-for-soul\/#primaryimage"},"thumbnailUrl":"https:\/\/foodforsoul.it\/wp-content\/uploads\/2025\/06\/FT1A8209-copia-scaled.jpeg","datePublished":"2025-06-20T12:55:48+00:00","dateModified":"2025-06-20T13:14:49+00:00","breadcrumb":{"@id":"https:\/\/foodforsoul.it\/it\/artigianalita-cultura-e-cura-la-storia-della-serie-pastorale-ispirata-da-massimo-bottura-per-sostenere-la-missione-di-food-for-soul\/#breadcrumb"},"inLanguage":"it-IT","potentialAction":[{"@type":"ReadAction","target":["https:\/\/foodforsoul.it\/it\/artigianalita-cultura-e-cura-la-storia-della-serie-pastorale-ispirata-da-massimo-bottura-per-sostenere-la-missione-di-food-for-soul\/"]}]},{"@type":"ImageObject","inLanguage":"it-IT","@id":"https:\/\/foodforsoul.it\/it\/artigianalita-cultura-e-cura-la-storia-della-serie-pastorale-ispirata-da-massimo-bottura-per-sostenere-la-missione-di-food-for-soul\/#primaryimage","url":"https:\/\/foodforsoul.it\/wp-content\/uploads\/2025\/06\/FT1A8209-copia-scaled.jpeg","contentUrl":"https:\/\/foodforsoul.it\/wp-content\/uploads\/2025\/06\/FT1A8209-copia-scaled.jpeg","width":1707,"height":2560},{"@type":"BreadcrumbList","@id":"https:\/\/foodforsoul.it\/it\/artigianalita-cultura-e-cura-la-storia-della-serie-pastorale-ispirata-da-massimo-bottura-per-sostenere-la-missione-di-food-for-soul\/#breadcrumb","itemListElement":[{"@type":"ListItem","position":1,"name":"Home","item":"https:\/\/foodforsoul.it\/it\/"},{"@type":"ListItem","position":2,"name":"Artigianalit\u00e0, cultura e cura: la storia della serie Pastorale, ispirata da Massimo Bottura per sostenere la missione di Food for Soul"}]},{"@type":"WebSite","@id":"https:\/\/foodforsoul.it\/#website","url":"https:\/\/foodforsoul.it\/","name":"Food for Soul","description":"Rescuing Food, Restoring People, Rethinking Hospitality","publisher":{"@id":"https:\/\/foodforsoul.it\/#organization"},"potentialAction":[{"@type":"SearchAction","target":{"@type":"EntryPoint","urlTemplate":"https:\/\/foodforsoul.it\/?s={search_term_string}"},"query-input":{"@type":"PropertyValueSpecification","valueRequired":true,"valueName":"search_term_string"}}],"inLanguage":"it-IT"},{"@type":"Organization","@id":"https:\/\/foodforsoul.it\/#organization","name":"Food for Soul","url":"https:\/\/foodforsoul.it\/","logo":{"@type":"ImageObject","inLanguage":"it-IT","@id":"https:\/\/foodforsoul.it\/#\/schema\/logo\/image\/","url":"https:\/\/foodforsoul.it\/wp-content\/uploads\/2025\/04\/Group-141.png","contentUrl":"https:\/\/foodforsoul.it\/wp-content\/uploads\/2025\/04\/Group-141.png","width":512,"height":512,"caption":"Food for Soul"},"image":{"@id":"https:\/\/foodforsoul.it\/#\/schema\/logo\/image\/"},"sameAs":["https:\/\/www.facebook.com\/foodforsoul.it\/","https:\/\/x.com\/FoodforSoul_it","https:\/\/www.instagram.com\/foodforsoul_it\/","https:\/\/www.youtube.com\/channel\/UC9aHxUfKk3KkUl-8dFZqLxw","https:\/\/www.linkedin.com\/company\/foodforsoul\/"]},{"@type":"Person","@id":"https:\/\/foodforsoul.it\/#\/schema\/person\/9ac064857a178ad645e823262b1946c9","name":"Food for Soul","image":{"@type":"ImageObject","inLanguage":"it-IT","@id":"https:\/\/foodforsoul.it\/#\/schema\/person\/image\/","url":"https:\/\/secure.gravatar.com\/avatar\/f75e5f43ddecb575135fecb4ff57b3dc769b08ec13b7db76e25aed0c658544be?s=96&d=mm&r=g","contentUrl":"https:\/\/secure.gravatar.com\/avatar\/f75e5f43ddecb575135fecb4ff57b3dc769b08ec13b7db76e25aed0c658544be?s=96&d=mm&r=g","caption":"Food for Soul"}}]}},"acf":[],"_links":{"self":[{"href":"https:\/\/foodforsoul.it\/it\/wp-json\/wp\/v2\/posts\/3918","targetHints":{"allow":["GET"]}}],"collection":[{"href":"https:\/\/foodforsoul.it\/it\/wp-json\/wp\/v2\/posts"}],"about":[{"href":"https:\/\/foodforsoul.it\/it\/wp-json\/wp\/v2\/types\/post"}],"author":[{"embeddable":true,"href":"https:\/\/foodforsoul.it\/it\/wp-json\/wp\/v2\/users\/4"}],"replies":[{"embeddable":true,"href":"https:\/\/foodforsoul.it\/it\/wp-json\/wp\/v2\/comments?post=3918"}],"version-history":[{"count":2,"href":"https:\/\/foodforsoul.it\/it\/wp-json\/wp\/v2\/posts\/3918\/revisions"}],"predecessor-version":[{"id":3922,"href":"https:\/\/foodforsoul.it\/it\/wp-json\/wp\/v2\/posts\/3918\/revisions\/3922"}],"wp:featuredmedia":[{"embeddable":true,"href":"https:\/\/foodforsoul.it\/it\/wp-json\/wp\/v2\/media\/3916"}],"wp:attachment":[{"href":"https:\/\/foodforsoul.it\/it\/wp-json\/wp\/v2\/media?parent=3918"}],"wp:term":[{"taxonomy":"category","embeddable":true,"href":"https:\/\/foodforsoul.it\/it\/wp-json\/wp\/v2\/categories?post=3918"},{"taxonomy":"post_tag","embeddable":true,"href":"https:\/\/foodforsoul.it\/it\/wp-json\/wp\/v2\/tags?post=3918"}],"curies":[{"name":"wp","href":"https:\/\/api.w.org\/{rel}","templated":true}]}}